{"id":4518,"date":"2019-11-01T00:19:03","date_gmt":"2019-10-31T23:19:03","guid":{"rendered":"https:\/\/sfbd.fr\/2019\/11\/01\/penelope-darnat-alicante-23-26-october-2019\/"},"modified":"2019-12-23T21:06:31","modified_gmt":"2019-12-23T20:06:31","slug":"penelope-darnat-alicante-23-26-october-2019","status":"publish","type":"post","link":"https:\/\/sfbd.fr\/en\/2019\/11\/01\/penelope-darnat-alicante-23-26-october-2019\/","title":{"rendered":"P\u00e9n\u00e9lope Darnat, Alicante, 23-26 October 2019"},"content":{"rendered":"<p>[vc_row][vc_column][vc_column_text]<\/p>\n<h5><strong><img loading=\"lazy\" decoding=\"async\" class=\"alignleft wp-image-4515 size-medium\" src=\"https:\/\/sfbd.fr\/wp-content\/uploads\/2019\/11\/Penelope-Darnat-220x300.jpg\" alt=\"\" width=\"220\" height=\"300\" srcset=\"https:\/\/sfbd.fr\/wp-content\/uploads\/2019\/11\/Penelope-Darnat-220x300.jpg 220w, https:\/\/sfbd.fr\/wp-content\/uploads\/2019\/11\/Penelope-Darnat.jpg 406w\" sizes=\"(max-width: 220px) 100vw, 220px\" \/>\u2192 400 \u20ac Prize<\/strong><\/h5>\n<p><strong><em><strong><i>3rd year PhD student with Agn\u00e8s Audibert, IBPS, Paris<\/i><\/strong><\/em><\/strong><\/p>\n<p class=\"p2\">The European Developmental Biology Congress in Alicante this fall was a great opportunity for a young researcher like me to broaden her scientific horizons.<\/p>\n<p class=\"p2\">It mixed from all Europe and beyond, crazy talented scientists willing to share their discoveries with such open mindless, heartfelt sentiments and sometimes humour that it was just a pleasure to be there. As a profound lover of developmental biology, I was fulfilled by the multi-disciplinary of the presentations from cellular biology to genomics, making a detour in Evo-Devo. The opening lecture on new organisms was really interesting as it highlighted that something quite well described and almost universal as hox genes still have some cards in their sleeves to surprise the scientists. It set the bar high and all lectures after that were on the same level.<\/p>\n<p class=\"p2\">I was particularly interested in the comparison between the cavefish and its equal living in fresh water to address the problem of obesity and diabetes in humans. The quality of oral and poster presentations stroke me as the enthusiasm of all participants. I did found my peers of asymmetric cell division and share with one senior scientist vividly. During the oral presentations, I\u2019ve also spotted two labs that I\u2019ll be very interested to a post-doctorate fellowship with, one in Paris and another in Germany. And the venue was really nice and chic.<\/p>\n<p class=\"p2\"><strong>To conclude, I was really glad to take part and to present my work during this congress and again, I really like to thank the SFBD for giving me the means to do so.<\/strong><\/p>\n<p class=\"p1\"><em>View of Alicante from Santa Barbara\u2019s Castle.<\/em><\/p>\n<p class=\"p2\"><img loading=\"lazy\" decoding=\"async\" class=\"alignleft size-medium wp-image-4336\" src=\"https:\/\/sfbd.fr\/wp-content\/uploads\/2019\/12\/photo-alicante-226x300.jpeg\" alt=\"\" width=\"226\" height=\"300\" srcset=\"https:\/\/sfbd.fr\/wp-content\/uploads\/2019\/12\/photo-alicante-226x300.jpeg 226w, https:\/\/sfbd.fr\/wp-content\/uploads\/2019\/12\/photo-alicante.jpeg 386w\" sizes=\"(max-width: 226px) 100vw, 226px\" \/><\/p>\n<p>[\/vc_column_text][\/vc_column][\/vc_row]<\/p>\n","protected":false},"excerpt":{"rendered":"<p>European Developmental Biology Congress<\/p>\n","protected":false},"author":6,"featured_media":4360,"comment_status":"closed","ping_status":"open","sticky":false,"template":"","format":"standard","meta":{"footnotes":""},"categories":[90],"tags":[],"yoast_head":"<!-- This site is optimized with the Yoast SEO plugin v18.2 - https:\/\/yoast.com\/wordpress\/plugins\/seo\/ -->\n<title>P\u00e9n\u00e9lope Darnat, Alicante, 23-26 October 2019 - SFBD<\/title>\n<meta name=\"robots\" content=\"index, follow, max-snippet:-1, max-image-preview:large, max-video-preview:-1\" \/>\n<link rel=\"canonical\" href=\"https:\/\/sfbd.fr\/en\/2019\/11\/01\/penelope-darnat-alicante-23-26-october-2019\/\" \/>\n<meta property=\"og:locale\" content=\"en_US\" \/>\n<meta property=\"og:type\" content=\"article\" \/>\n<meta property=\"og:title\" content=\"P\u00e9n\u00e9lope Darnat, Alicante, 23-26 October 2019 - SFBD\" \/>\n<meta property=\"og:description\" content=\"European Developmental Biology Congress\" \/>\n<meta property=\"og:url\" content=\"https:\/\/sfbd.fr\/en\/2019\/11\/01\/penelope-darnat-alicante-23-26-october-2019\/\" \/>\n<meta property=\"og:site_name\" content=\"SFBD\" \/>\n<meta property=\"article:published_time\" content=\"2019-10-31T23:19:03+00:00\" \/>\n<meta property=\"article:modified_time\" content=\"2019-12-23T20:06:31+00:00\" \/>\n<meta property=\"og:image\" content=\"https:\/\/sfbd.fr\/wp-content\/uploads\/2019\/12\/alicante-2779573_960_720b.jpg\" \/>\n\t<meta property=\"og:image:width\" content=\"720\" \/>\n\t<meta property=\"og:image:height\" content=\"720\" \/>\n\t<meta property=\"og:image:type\" content=\"image\/jpeg\" \/>\n<meta name=\"twitter:card\" content=\"summary_large_image\" \/>\n<meta name=\"twitter:creator\" content=\"@sfbd_biodev\" \/>\n<meta name=\"twitter:site\" content=\"@sfbd_biodev\" \/>\n<meta name=\"twitter:label1\" content=\"Written by\" \/>\n\t<meta name=\"twitter:data1\" content=\"glenda comai\" \/>\n\t<meta name=\"twitter:label2\" content=\"Est. reading time\" \/>\n\t<meta name=\"twitter:data2\" content=\"1 minute\" \/>\n<script type=\"application\/ld+json\" class=\"yoast-schema-graph\">{\"@context\":\"https:\/\/schema.org\",\"@graph\":[{\"@type\":\"Organization\",\"@id\":\"https:\/\/sfbd.fr\/en\/#organization\",\"name\":\"Soci\u00e9t\u00e9 Fran\u00e7aise de Biologie du D\u00e9veloppement\",\"url\":\"https:\/\/sfbd.fr\/en\/\",\"sameAs\":[\"https:\/\/twitter.com\/sfbd_biodev\"],\"logo\":{\"@type\":\"ImageObject\",\"@id\":\"https:\/\/sfbd.fr\/en\/#logo\",\"inLanguage\":\"en-US\",\"url\":\"https:\/\/sfbd.fr\/wp-content\/uploads\/2019\/11\/Favicon.jpg\",\"contentUrl\":\"https:\/\/sfbd.fr\/wp-content\/uploads\/2019\/11\/Favicon.jpg\",\"width\":1324,\"height\":1324,\"caption\":\"Soci\u00e9t\u00e9 Fran\u00e7aise de Biologie du D\u00e9veloppement\"},\"image\":{\"@id\":\"https:\/\/sfbd.fr\/en\/#logo\"}},{\"@type\":\"WebSite\",\"@id\":\"https:\/\/sfbd.fr\/en\/#website\",\"url\":\"https:\/\/sfbd.fr\/en\/\",\"name\":\"Soci\u00e9t\u00e9 Fran\u00e7aise de Biologie du D\u00e9veloppement\",\"description\":\"\",\"publisher\":{\"@id\":\"https:\/\/sfbd.fr\/en\/#organization\"},\"potentialAction\":[{\"@type\":\"SearchAction\",\"target\":{\"@type\":\"EntryPoint\",\"urlTemplate\":\"https:\/\/sfbd.fr\/en\/?s={search_term_string}\"},\"query-input\":\"required name=search_term_string\"}],\"inLanguage\":\"en-US\"},{\"@type\":\"ImageObject\",\"@id\":\"https:\/\/sfbd.fr\/en\/2019\/11\/01\/penelope-darnat-alicante-23-26-october-2019\/#primaryimage\",\"inLanguage\":\"en-US\",\"url\":\"https:\/\/sfbd.fr\/wp-content\/uploads\/2019\/12\/alicante-2779573_960_720b.jpg\",\"contentUrl\":\"https:\/\/sfbd.fr\/wp-content\/uploads\/2019\/12\/alicante-2779573_960_720b.jpg\",\"width\":720,\"height\":720},{\"@type\":\"WebPage\",\"@id\":\"https:\/\/sfbd.fr\/en\/2019\/11\/01\/penelope-darnat-alicante-23-26-october-2019\/#webpage\",\"url\":\"https:\/\/sfbd.fr\/en\/2019\/11\/01\/penelope-darnat-alicante-23-26-october-2019\/\",\"name\":\"P\u00e9n\u00e9lope Darnat, Alicante, 23-26 October 2019 - SFBD\",\"isPartOf\":{\"@id\":\"https:\/\/sfbd.fr\/en\/#website\"},\"primaryImageOfPage\":{\"@id\":\"https:\/\/sfbd.fr\/en\/2019\/11\/01\/penelope-darnat-alicante-23-26-october-2019\/#primaryimage\"},\"datePublished\":\"2019-10-31T23:19:03+00:00\",\"dateModified\":\"2019-12-23T20:06:31+00:00\",\"breadcrumb\":{\"@id\":\"https:\/\/sfbd.fr\/en\/2019\/11\/01\/penelope-darnat-alicante-23-26-october-2019\/#breadcrumb\"},\"inLanguage\":\"en-US\",\"potentialAction\":[{\"@type\":\"ReadAction\",\"target\":[\"https:\/\/sfbd.fr\/en\/2019\/11\/01\/penelope-darnat-alicante-23-26-october-2019\/\"]}]},{\"@type\":\"BreadcrumbList\",\"@id\":\"https:\/\/sfbd.fr\/en\/2019\/11\/01\/penelope-darnat-alicante-23-26-october-2019\/#breadcrumb\",\"itemListElement\":[{\"@type\":\"ListItem\",\"position\":1,\"name\":\"Accueil\",\"item\":\"https:\/\/sfbd.fr\/en\/\"},{\"@type\":\"ListItem\",\"position\":2,\"name\":\"P\u00e9n\u00e9lope Darnat, Alicante, 23-26 October 2019\"}]},{\"@type\":\"Article\",\"@id\":\"https:\/\/sfbd.fr\/en\/2019\/11\/01\/penelope-darnat-alicante-23-26-october-2019\/#article\",\"isPartOf\":{\"@id\":\"https:\/\/sfbd.fr\/en\/2019\/11\/01\/penelope-darnat-alicante-23-26-october-2019\/#webpage\"},\"author\":{\"@id\":\"https:\/\/sfbd.fr\/en\/#\/schema\/person\/ac13a8d4da6a572a55e3f330866baec8\"},\"headline\":\"P\u00e9n\u00e9lope Darnat, Alicante, 23-26 October 2019\",\"datePublished\":\"2019-10-31T23:19:03+00:00\",\"dateModified\":\"2019-12-23T20:06:31+00:00\",\"mainEntityOfPage\":{\"@id\":\"https:\/\/sfbd.fr\/en\/2019\/11\/01\/penelope-darnat-alicante-23-26-october-2019\/#webpage\"},\"wordCount\":300,\"publisher\":{\"@id\":\"https:\/\/sfbd.fr\/en\/#organization\"},\"image\":{\"@id\":\"https:\/\/sfbd.fr\/en\/2019\/11\/01\/penelope-darnat-alicante-23-26-october-2019\/#primaryimage\"},\"thumbnailUrl\":\"https:\/\/sfbd.fr\/wp-content\/uploads\/2019\/12\/alicante-2779573_960_720b.jpg\",\"articleSection\":[\"Travel grant\"],\"inLanguage\":\"en-US\"},{\"@type\":\"Person\",\"@id\":\"https:\/\/sfbd.fr\/en\/#\/schema\/person\/ac13a8d4da6a572a55e3f330866baec8\",\"name\":\"glenda comai\",\"image\":{\"@type\":\"ImageObject\",\"@id\":\"https:\/\/sfbd.fr\/en\/#personlogo\",\"inLanguage\":\"en-US\",\"url\":\"https:\/\/secure.gravatar.com\/avatar\/132f205d6f58cff4d7cfc61473763bcc?s=96&d=mm&r=g\",\"contentUrl\":\"https:\/\/secure.gravatar.com\/avatar\/132f205d6f58cff4d7cfc61473763bcc?s=96&d=mm&r=g\",\"caption\":\"glenda comai\"},\"url\":\"https:\/\/sfbd.fr\/en\/author\/glendacomai\/\"}]}<\/script>\n<!-- \/ Yoast SEO plugin. -->","yoast_head_json":{"title":"P\u00e9n\u00e9lope Darnat, Alicante, 23-26 October 2019 - SFBD","robots":{"index":"index","follow":"follow","max-snippet":"max-snippet:-1","max-image-preview":"max-image-preview:large","max-video-preview":"max-video-preview:-1"},"canonical":"https:\/\/sfbd.fr\/en\/2019\/11\/01\/penelope-darnat-alicante-23-26-october-2019\/","og_locale":"en_US","og_type":"article","og_title":"P\u00e9n\u00e9lope Darnat, Alicante, 23-26 October 2019 - SFBD","og_description":"European Developmental Biology Congress","og_url":"https:\/\/sfbd.fr\/en\/2019\/11\/01\/penelope-darnat-alicante-23-26-october-2019\/","og_site_name":"SFBD","article_published_time":"2019-10-31T23:19:03+00:00","article_modified_time":"2019-12-23T20:06:31+00:00","og_image":[{"width":720,"height":720,"url":"https:\/\/sfbd.fr\/wp-content\/uploads\/2019\/12\/alicante-2779573_960_720b.jpg","type":"image\/jpeg"}],"twitter_card":"summary_large_image","twitter_creator":"@sfbd_biodev","twitter_site":"@sfbd_biodev","twitter_misc":{"Written by":"glenda comai","Est. reading time":"1 minute"},"schema":{"@context":"https:\/\/schema.org","@graph":[{"@type":"Organization","@id":"https:\/\/sfbd.fr\/en\/#organization","name":"Soci\u00e9t\u00e9 Fran\u00e7aise de Biologie du D\u00e9veloppement","url":"https:\/\/sfbd.fr\/en\/","sameAs":["https:\/\/twitter.com\/sfbd_biodev"],"logo":{"@type":"ImageObject","@id":"https:\/\/sfbd.fr\/en\/#logo","inLanguage":"en-US","url":"https:\/\/sfbd.fr\/wp-content\/uploads\/2019\/11\/Favicon.jpg","contentUrl":"https:\/\/sfbd.fr\/wp-content\/uploads\/2019\/11\/Favicon.jpg","width":1324,"height":1324,"caption":"Soci\u00e9t\u00e9 Fran\u00e7aise de Biologie du D\u00e9veloppement"},"image":{"@id":"https:\/\/sfbd.fr\/en\/#logo"}},{"@type":"WebSite","@id":"https:\/\/sfbd.fr\/en\/#website","url":"https:\/\/sfbd.fr\/en\/","name":"Soci\u00e9t\u00e9 Fran\u00e7aise de Biologie du D\u00e9veloppement","description":"","publisher":{"@id":"https:\/\/sfbd.fr\/en\/#organization"},"potentialAction":[{"@type":"SearchAction","target":{"@type":"EntryPoint","urlTemplate":"https:\/\/sfbd.fr\/en\/?s={search_term_string}"},"query-input":"required name=search_term_string"}],"inLanguage":"en-US"},{"@type":"ImageObject","@id":"https:\/\/sfbd.fr\/en\/2019\/11\/01\/penelope-darnat-alicante-23-26-october-2019\/#primaryimage","inLanguage":"en-US","url":"https:\/\/sfbd.fr\/wp-content\/uploads\/2019\/12\/alicante-2779573_960_720b.jpg","contentUrl":"https:\/\/sfbd.fr\/wp-content\/uploads\/2019\/12\/alicante-2779573_960_720b.jpg","width":720,"height":720},{"@type":"WebPage","@id":"https:\/\/sfbd.fr\/en\/2019\/11\/01\/penelope-darnat-alicante-23-26-october-2019\/#webpage","url":"https:\/\/sfbd.fr\/en\/2019\/11\/01\/penelope-darnat-alicante-23-26-october-2019\/","name":"P\u00e9n\u00e9lope Darnat, Alicante, 23-26 October 2019 - SFBD","isPartOf":{"@id":"https:\/\/sfbd.fr\/en\/#website"},"primaryImageOfPage":{"@id":"https:\/\/sfbd.fr\/en\/2019\/11\/01\/penelope-darnat-alicante-23-26-october-2019\/#primaryimage"},"datePublished":"2019-10-31T23:19:03+00:00","dateModified":"2019-12-23T20:06:31+00:00","breadcrumb":{"@id":"https:\/\/sfbd.fr\/en\/2019\/11\/01\/penelope-darnat-alicante-23-26-october-2019\/#breadcrumb"},"inLanguage":"en-US","potentialAction":[{"@type":"ReadAction","target":["https:\/\/sfbd.fr\/en\/2019\/11\/01\/penelope-darnat-alicante-23-26-october-2019\/"]}]},{"@type":"BreadcrumbList","@id":"https:\/\/sfbd.fr\/en\/2019\/11\/01\/penelope-darnat-alicante-23-26-october-2019\/#breadcrumb","itemListElement":[{"@type":"ListItem","position":1,"name":"Accueil","item":"https:\/\/sfbd.fr\/en\/"},{"@type":"ListItem","position":2,"name":"P\u00e9n\u00e9lope Darnat, Alicante, 23-26 October 2019"}]},{"@type":"Article","@id":"https:\/\/sfbd.fr\/en\/2019\/11\/01\/penelope-darnat-alicante-23-26-october-2019\/#article","isPartOf":{"@id":"https:\/\/sfbd.fr\/en\/2019\/11\/01\/penelope-darnat-alicante-23-26-october-2019\/#webpage"},"author":{"@id":"https:\/\/sfbd.fr\/en\/#\/schema\/person\/ac13a8d4da6a572a55e3f330866baec8"},"headline":"P\u00e9n\u00e9lope Darnat, Alicante, 23-26 October 2019","datePublished":"2019-10-31T23:19:03+00:00","dateModified":"2019-12-23T20:06:31+00:00","mainEntityOfPage":{"@id":"https:\/\/sfbd.fr\/en\/2019\/11\/01\/penelope-darnat-alicante-23-26-october-2019\/#webpage"},"wordCount":300,"publisher":{"@id":"https:\/\/sfbd.fr\/en\/#organization"},"image":{"@id":"https:\/\/sfbd.fr\/en\/2019\/11\/01\/penelope-darnat-alicante-23-26-october-2019\/#primaryimage"},"thumbnailUrl":"https:\/\/sfbd.fr\/wp-content\/uploads\/2019\/12\/alicante-2779573_960_720b.jpg","articleSection":["Travel grant"],"inLanguage":"en-US"},{"@type":"Person","@id":"https:\/\/sfbd.fr\/en\/#\/schema\/person\/ac13a8d4da6a572a55e3f330866baec8","name":"glenda comai","image":{"@type":"ImageObject","@id":"https:\/\/sfbd.fr\/en\/#personlogo","inLanguage":"en-US","url":"https:\/\/secure.gravatar.com\/avatar\/132f205d6f58cff4d7cfc61473763bcc?s=96&d=mm&r=g","contentUrl":"https:\/\/secure.gravatar.com\/avatar\/132f205d6f58cff4d7cfc61473763bcc?s=96&d=mm&r=g","caption":"glenda comai"},"url":"https:\/\/sfbd.fr\/en\/author\/glendacomai\/"}]}},"_links":{"self":[{"href":"https:\/\/sfbd.fr\/en\/wp-json\/wp\/v2\/posts\/4518"}],"collection":[{"href":"https:\/\/sfbd.fr\/en\/wp-json\/wp\/v2\/posts"}],"about":[{"href":"https:\/\/sfbd.fr\/en\/wp-json\/wp\/v2\/types\/post"}],"author":[{"embeddable":true,"href":"https:\/\/sfbd.fr\/en\/wp-json\/wp\/v2\/users\/6"}],"replies":[{"embeddable":true,"href":"https:\/\/sfbd.fr\/en\/wp-json\/wp\/v2\/comments?post=4518"}],"version-history":[{"count":1,"href":"https:\/\/sfbd.fr\/en\/wp-json\/wp\/v2\/posts\/4518\/revisions"}],"predecessor-version":[{"id":4597,"href":"https:\/\/sfbd.fr\/en\/wp-json\/wp\/v2\/posts\/4518\/revisions\/4597"}],"wp:featuredmedia":[{"embeddable":true,"href":"https:\/\/sfbd.fr\/en\/wp-json\/wp\/v2\/media\/4360"}],"wp:attachment":[{"href":"https:\/\/sfbd.fr\/en\/wp-json\/wp\/v2\/media?parent=4518"}],"wp:term":[{"taxonomy":"category","embeddable":true,"href":"https:\/\/sfbd.fr\/en\/wp-json\/wp\/v2\/categories?post=4518"},{"taxonomy":"post_tag","embeddable":true,"href":"https:\/\/sfbd.fr\/en\/wp-json\/wp\/v2\/tags?post=4518"}],"curies":[{"name":"wp","href":"https:\/\/api.w.org\/{rel}","templated":true}]}}