{"id":9200,"date":"2021-11-27T21:31:39","date_gmt":"2021-11-27T20:31:39","guid":{"rendered":"https:\/\/sfbd.fr\/?p=9200"},"modified":"2021-12-19T12:32:13","modified_gmt":"2021-12-19T11:32:13","slug":"when-the-sfbd-meets-the-hear","status":"publish","type":"post","link":"https:\/\/sfbd.fr\/en\/2021\/11\/27\/when-the-sfbd-meets-the-hear\/","title":{"rendered":"Art&#038;Science Day: when the SFBD meets the HEAR"},"content":{"rendered":"<p>[vc_row][vc_column][vc_column_text]As a premiere, the SFBD organized an Art and Science Day at the University of Basel (Switzerland). With the <a href=\"https:\/\/www.hear.fr\/arts-plastiques\/didactique-visuelle\/\">Visual Didactics<\/a> class of the <a href=\"https:\/\/www.hear.fr\/\">HEAR<\/a> (Haute \u00c9cole des Arts du Rhin) and our sponsors <a href=\"https:\/\/www.eucor-uni.org\/\">Eucor<\/a> and <a href=\"https:\/\/science.rmtmo.eu\/dialog-science\/\">DialogScience<\/a>, we introduced the field of Developmental Biology to the students of this prestigious Art School through oral presentations, practical workshops and a guided tour of <a href=\"https:\/\/www.zoobasel.ch\/fr\/\">Zoo Basel<\/a> which focused on the different reproductive animal strategies.<\/p>\n<p>This day was coordinated by <strong>Ma\u00ebva Luxey<\/strong> (SFBD Project Manager, Associate Researcher, Institute of Zoology, Basel) and implemented by the following speakers:<\/p>\n<p><b>Fran\u00e7ois Bernier<\/b>, Professor at the University of Strasbourg, Director of the Maison pour la Science en Alsace,<\/p>\n<p><b><strong>Adrian Baumeyer<\/strong><\/b>, Curator of Zoo Basel,<\/p>\n<p><b>Glenda Comai<\/b>, Board member of the SFBD, CNRS Researcher, Institut Pasteur, Paris,<\/p>\n<p><b>Pascale Dufourcq,<\/b> Professor at Toulouse Paul Sabatier University,<\/p>\n<p><b>Sophie <\/b><b>Jarriault<\/b>, Board member of the SFBD, Research Director, IGBMC, Strasbourg,<\/p>\n<p><b>Andrea <\/b><b>Pasini<\/b>, Board member of the SFBD, CNRS researcher, IBDM, Marseille,<\/p>\n<p>and several <strong>doctoral and post-doctoral students<\/strong> from the University of Basel that helped during the workshops.<\/p>\n<p>Inspired by the different topics discovered during the day, the students of the HEAR will be guided by their teachers, Olivier Poncer and Olivier-Marc Nadel, and our spekers to create visual and educational objects (such as pop-up books, and comics).<\/p>\n<p>You will have the opportunity to come and admire these creations during an exhibition at our next <a href=\"https:\/\/www.sfbd2022jsdb.com\/\">Franco-Japanese Conference on Developmental Biology<\/a> from November 7 to 10, 2022 in Strasbourg.<\/p>\n<p>A dedicated article, written by Romain Gascon, has just been published on the newspaper DNA (Latest News Alsace): <a href=\"https:\/\/c.dna.fr\/culture-loisirs\/2021\/11\/27\/video-diaporama-a-l-universite-de-bale-les-etudiants-de-la-hear-s-inspirent-de-la-biologie-du-developpement-sock\">https:\/\/c.dna.fr\/culture-loisirs\/2021\/11\/27\/video-diaporama-a-l-universite-de-bale-les-etudiants-de-la-hear-s-inspirent-de-la-biologie-du-developpement-sock<\/a><\/p>\n<p>#DidactiqueVis #Eucor #HEAR # SFBD-BioDev # UniBasel # SciCom<\/p>\n<p style=\"text-align: left;\"><img loading=\"lazy\" decoding=\"async\" class=\"alignleft wp-image-9195 size-large\" src=\"https:\/\/sfbd.fr\/wp-content\/uploads\/2021\/11\/group-picture-all-with-mask_8-1024x768.jpg\" alt=\"\" width=\"1024\" height=\"768\" srcset=\"https:\/\/sfbd.fr\/wp-content\/uploads\/2021\/11\/group-picture-all-with-mask_8-1024x768.jpg 1024w, https:\/\/sfbd.fr\/wp-content\/uploads\/2021\/11\/group-picture-all-with-mask_8-300x225.jpg 300w, https:\/\/sfbd.fr\/wp-content\/uploads\/2021\/11\/group-picture-all-with-mask_8-768x576.jpg 768w, https:\/\/sfbd.fr\/wp-content\/uploads\/2021\/11\/group-picture-all-with-mask_8-1536x1152.jpg 1536w, https:\/\/sfbd.fr\/wp-content\/uploads\/2021\/11\/group-picture-all-with-mask_8-2048x1536.jpg 2048w, https:\/\/sfbd.fr\/wp-content\/uploads\/2021\/11\/group-picture-all-with-mask_8-1200x900.jpg 1200w, https:\/\/sfbd.fr\/wp-content\/uploads\/2021\/11\/group-picture-all-with-mask_8-800x600.jpg 800w\" sizes=\"(max-width: 1024px) 100vw, 1024px\" \/><\/p>\n<p><span class=\"css-901oao css-16my406 r-poiln3 r-bcqeeo r-qvutc0\">\u00a0<\/span>[\/vc_column_text][\/vc_column][\/vc_row][vc_row][vc_column width=&#8221;1\/4&#8243;][vc_single_image image=&#8221;8998&#8243; img_size=&#8221;medium&#8221;][\/vc_column][vc_column width=&#8221;1\/4&#8243;][vc_single_image image=&#8221;9132&#8243; img_size=&#8221;medium&#8221;][\/vc_column][vc_column width=&#8221;1\/4&#8243;][vc_single_image image=&#8221;9134&#8243; img_size=&#8221;medium&#8221;][\/vc_column][vc_column width=&#8221;1\/4&#8243;][vc_single_image image=&#8221;9136&#8243; img_size=&#8221;medium&#8221;][\/vc_column][\/vc_row]<\/p>\n","protected":false},"excerpt":{"rendered":"<p>[vc_row][vc_column][vc_column_text]As a premiere, the SFBD organized an Art and Science Day at the University of Basel (Switzerland). With the Visual&hellip;<\/p>\n","protected":false},"author":6,"featured_media":9129,"comment_status":"closed","ping_status":"closed","sticky":false,"template":"","format":"standard","meta":{"footnotes":""},"categories":[89,88],"tags":[],"yoast_head":"<!-- This site is optimized with the Yoast SEO plugin v18.2 - https:\/\/yoast.com\/wordpress\/plugins\/seo\/ -->\n<title>Art&amp;Science Day: when the SFBD meets the HEAR - SFBD<\/title>\n<meta name=\"robots\" content=\"index, follow, max-snippet:-1, max-image-preview:large, max-video-preview:-1\" \/>\n<link rel=\"canonical\" href=\"https:\/\/sfbd.fr\/en\/2021\/11\/27\/when-the-sfbd-meets-the-hear\/\" \/>\n<meta property=\"og:locale\" content=\"en_US\" \/>\n<meta property=\"og:type\" content=\"article\" \/>\n<meta property=\"og:title\" content=\"Art&amp;Science Day: when the SFBD meets the HEAR - SFBD\" \/>\n<meta property=\"og:description\" content=\"[vc_row][vc_column][vc_column_text]As a premiere, the SFBD organized an Art and Science Day at the University of Basel (Switzerland). With the Visual&hellip;\" \/>\n<meta property=\"og:url\" content=\"https:\/\/sfbd.fr\/en\/2021\/11\/27\/when-the-sfbd-meets-the-hear\/\" \/>\n<meta property=\"og:site_name\" content=\"SFBD\" \/>\n<meta property=\"article:published_time\" content=\"2021-11-27T20:31:39+00:00\" \/>\n<meta property=\"article:modified_time\" content=\"2021-12-19T11:32:13+00:00\" \/>\n<meta property=\"og:image\" content=\"https:\/\/sfbd.fr\/wp-content\/uploads\/2021\/11\/Screenshot-2021-11-27-at-11.33.42-e1639913406177.png\" \/>\n\t<meta property=\"og:image:width\" content=\"2019\" \/>\n\t<meta property=\"og:image:height\" content=\"1030\" \/>\n\t<meta property=\"og:image:type\" content=\"image\/png\" \/>\n<meta name=\"twitter:card\" content=\"summary_large_image\" \/>\n<meta name=\"twitter:creator\" content=\"@sfbd_biodev\" \/>\n<meta name=\"twitter:site\" content=\"@sfbd_biodev\" \/>\n<meta name=\"twitter:label1\" content=\"Written by\" \/>\n\t<meta name=\"twitter:data1\" content=\"glenda comai\" \/>\n\t<meta name=\"twitter:label2\" content=\"Est. reading time\" \/>\n\t<meta name=\"twitter:data2\" content=\"2 minutes\" \/>\n<script type=\"application\/ld+json\" class=\"yoast-schema-graph\">{\"@context\":\"https:\/\/schema.org\",\"@graph\":[{\"@type\":\"Organization\",\"@id\":\"https:\/\/sfbd.fr\/en\/#organization\",\"name\":\"Soci\u00e9t\u00e9 Fran\u00e7aise de Biologie du D\u00e9veloppement\",\"url\":\"https:\/\/sfbd.fr\/en\/\",\"sameAs\":[\"https:\/\/twitter.com\/sfbd_biodev\"],\"logo\":{\"@type\":\"ImageObject\",\"@id\":\"https:\/\/sfbd.fr\/en\/#logo\",\"inLanguage\":\"en-US\",\"url\":\"https:\/\/sfbd.fr\/wp-content\/uploads\/2019\/11\/Favicon.jpg\",\"contentUrl\":\"https:\/\/sfbd.fr\/wp-content\/uploads\/2019\/11\/Favicon.jpg\",\"width\":1324,\"height\":1324,\"caption\":\"Soci\u00e9t\u00e9 Fran\u00e7aise de Biologie du D\u00e9veloppement\"},\"image\":{\"@id\":\"https:\/\/sfbd.fr\/en\/#logo\"}},{\"@type\":\"WebSite\",\"@id\":\"https:\/\/sfbd.fr\/en\/#website\",\"url\":\"https:\/\/sfbd.fr\/en\/\",\"name\":\"Soci\u00e9t\u00e9 Fran\u00e7aise de Biologie du D\u00e9veloppement\",\"description\":\"\",\"publisher\":{\"@id\":\"https:\/\/sfbd.fr\/en\/#organization\"},\"potentialAction\":[{\"@type\":\"SearchAction\",\"target\":{\"@type\":\"EntryPoint\",\"urlTemplate\":\"https:\/\/sfbd.fr\/en\/?s={search_term_string}\"},\"query-input\":\"required name=search_term_string\"}],\"inLanguage\":\"en-US\"},{\"@type\":\"ImageObject\",\"@id\":\"https:\/\/sfbd.fr\/en\/2021\/11\/27\/when-the-sfbd-meets-the-hear\/#primaryimage\",\"inLanguage\":\"en-US\",\"url\":\"https:\/\/sfbd.fr\/wp-content\/uploads\/2021\/11\/Screenshot-2021-11-27-at-11.33.42-e1639913406177.png\",\"contentUrl\":\"https:\/\/sfbd.fr\/wp-content\/uploads\/2021\/11\/Screenshot-2021-11-27-at-11.33.42-e1639913406177.png\",\"width\":2019,\"height\":1030},{\"@type\":\"WebPage\",\"@id\":\"https:\/\/sfbd.fr\/en\/2021\/11\/27\/when-the-sfbd-meets-the-hear\/#webpage\",\"url\":\"https:\/\/sfbd.fr\/en\/2021\/11\/27\/when-the-sfbd-meets-the-hear\/\",\"name\":\"Art&Science Day: when the SFBD meets the HEAR - SFBD\",\"isPartOf\":{\"@id\":\"https:\/\/sfbd.fr\/en\/#website\"},\"primaryImageOfPage\":{\"@id\":\"https:\/\/sfbd.fr\/en\/2021\/11\/27\/when-the-sfbd-meets-the-hear\/#primaryimage\"},\"datePublished\":\"2021-11-27T20:31:39+00:00\",\"dateModified\":\"2021-12-19T11:32:13+00:00\",\"breadcrumb\":{\"@id\":\"https:\/\/sfbd.fr\/en\/2021\/11\/27\/when-the-sfbd-meets-the-hear\/#breadcrumb\"},\"inLanguage\":\"en-US\",\"potentialAction\":[{\"@type\":\"ReadAction\",\"target\":[\"https:\/\/sfbd.fr\/en\/2021\/11\/27\/when-the-sfbd-meets-the-hear\/\"]}]},{\"@type\":\"BreadcrumbList\",\"@id\":\"https:\/\/sfbd.fr\/en\/2021\/11\/27\/when-the-sfbd-meets-the-hear\/#breadcrumb\",\"itemListElement\":[{\"@type\":\"ListItem\",\"position\":1,\"name\":\"Accueil\",\"item\":\"https:\/\/sfbd.fr\/en\/\"},{\"@type\":\"ListItem\",\"position\":2,\"name\":\"Art&#038;Science Day: when the SFBD meets the HEAR\"}]},{\"@type\":\"Article\",\"@id\":\"https:\/\/sfbd.fr\/en\/2021\/11\/27\/when-the-sfbd-meets-the-hear\/#article\",\"isPartOf\":{\"@id\":\"https:\/\/sfbd.fr\/en\/2021\/11\/27\/when-the-sfbd-meets-the-hear\/#webpage\"},\"author\":{\"@id\":\"https:\/\/sfbd.fr\/en\/#\/schema\/person\/ac13a8d4da6a572a55e3f330866baec8\"},\"headline\":\"Art&#038;Science Day: when the SFBD meets the HEAR\",\"datePublished\":\"2021-11-27T20:31:39+00:00\",\"dateModified\":\"2021-12-19T11:32:13+00:00\",\"mainEntityOfPage\":{\"@id\":\"https:\/\/sfbd.fr\/en\/2021\/11\/27\/when-the-sfbd-meets-the-hear\/#webpage\"},\"wordCount\":349,\"publisher\":{\"@id\":\"https:\/\/sfbd.fr\/en\/#organization\"},\"image\":{\"@id\":\"https:\/\/sfbd.fr\/en\/2021\/11\/27\/when-the-sfbd-meets-the-hear\/#primaryimage\"},\"thumbnailUrl\":\"https:\/\/sfbd.fr\/wp-content\/uploads\/2021\/11\/Screenshot-2021-11-27-at-11.33.42-e1639913406177.png\",\"articleSection\":[\"Community life\",\"Highlights\"],\"inLanguage\":\"en-US\"},{\"@type\":\"Person\",\"@id\":\"https:\/\/sfbd.fr\/en\/#\/schema\/person\/ac13a8d4da6a572a55e3f330866baec8\",\"name\":\"glenda comai\",\"image\":{\"@type\":\"ImageObject\",\"@id\":\"https:\/\/sfbd.fr\/en\/#personlogo\",\"inLanguage\":\"en-US\",\"url\":\"https:\/\/secure.gravatar.com\/avatar\/132f205d6f58cff4d7cfc61473763bcc?s=96&d=mm&r=g\",\"contentUrl\":\"https:\/\/secure.gravatar.com\/avatar\/132f205d6f58cff4d7cfc61473763bcc?s=96&d=mm&r=g\",\"caption\":\"glenda comai\"},\"url\":\"https:\/\/sfbd.fr\/en\/author\/glendacomai\/\"}]}<\/script>\n<!-- \/ Yoast SEO plugin. -->","yoast_head_json":{"title":"Art&Science Day: when the SFBD meets the HEAR - SFBD","robots":{"index":"index","follow":"follow","max-snippet":"max-snippet:-1","max-image-preview":"max-image-preview:large","max-video-preview":"max-video-preview:-1"},"canonical":"https:\/\/sfbd.fr\/en\/2021\/11\/27\/when-the-sfbd-meets-the-hear\/","og_locale":"en_US","og_type":"article","og_title":"Art&Science Day: when the SFBD meets the HEAR - SFBD","og_description":"[vc_row][vc_column][vc_column_text]As a premiere, the SFBD organized an Art and Science Day at the University of Basel (Switzerland). With the Visual&hellip;","og_url":"https:\/\/sfbd.fr\/en\/2021\/11\/27\/when-the-sfbd-meets-the-hear\/","og_site_name":"SFBD","article_published_time":"2021-11-27T20:31:39+00:00","article_modified_time":"2021-12-19T11:32:13+00:00","og_image":[{"width":2019,"height":1030,"url":"https:\/\/sfbd.fr\/wp-content\/uploads\/2021\/11\/Screenshot-2021-11-27-at-11.33.42-e1639913406177.png","type":"image\/png"}],"twitter_card":"summary_large_image","twitter_creator":"@sfbd_biodev","twitter_site":"@sfbd_biodev","twitter_misc":{"Written by":"glenda comai","Est. reading time":"2 minutes"},"schema":{"@context":"https:\/\/schema.org","@graph":[{"@type":"Organization","@id":"https:\/\/sfbd.fr\/en\/#organization","name":"Soci\u00e9t\u00e9 Fran\u00e7aise de Biologie du D\u00e9veloppement","url":"https:\/\/sfbd.fr\/en\/","sameAs":["https:\/\/twitter.com\/sfbd_biodev"],"logo":{"@type":"ImageObject","@id":"https:\/\/sfbd.fr\/en\/#logo","inLanguage":"en-US","url":"https:\/\/sfbd.fr\/wp-content\/uploads\/2019\/11\/Favicon.jpg","contentUrl":"https:\/\/sfbd.fr\/wp-content\/uploads\/2019\/11\/Favicon.jpg","width":1324,"height":1324,"caption":"Soci\u00e9t\u00e9 Fran\u00e7aise de Biologie du D\u00e9veloppement"},"image":{"@id":"https:\/\/sfbd.fr\/en\/#logo"}},{"@type":"WebSite","@id":"https:\/\/sfbd.fr\/en\/#website","url":"https:\/\/sfbd.fr\/en\/","name":"Soci\u00e9t\u00e9 Fran\u00e7aise de Biologie du D\u00e9veloppement","description":"","publisher":{"@id":"https:\/\/sfbd.fr\/en\/#organization"},"potentialAction":[{"@type":"SearchAction","target":{"@type":"EntryPoint","urlTemplate":"https:\/\/sfbd.fr\/en\/?s={search_term_string}"},"query-input":"required name=search_term_string"}],"inLanguage":"en-US"},{"@type":"ImageObject","@id":"https:\/\/sfbd.fr\/en\/2021\/11\/27\/when-the-sfbd-meets-the-hear\/#primaryimage","inLanguage":"en-US","url":"https:\/\/sfbd.fr\/wp-content\/uploads\/2021\/11\/Screenshot-2021-11-27-at-11.33.42-e1639913406177.png","contentUrl":"https:\/\/sfbd.fr\/wp-content\/uploads\/2021\/11\/Screenshot-2021-11-27-at-11.33.42-e1639913406177.png","width":2019,"height":1030},{"@type":"WebPage","@id":"https:\/\/sfbd.fr\/en\/2021\/11\/27\/when-the-sfbd-meets-the-hear\/#webpage","url":"https:\/\/sfbd.fr\/en\/2021\/11\/27\/when-the-sfbd-meets-the-hear\/","name":"Art&Science Day: when the SFBD meets the HEAR - SFBD","isPartOf":{"@id":"https:\/\/sfbd.fr\/en\/#website"},"primaryImageOfPage":{"@id":"https:\/\/sfbd.fr\/en\/2021\/11\/27\/when-the-sfbd-meets-the-hear\/#primaryimage"},"datePublished":"2021-11-27T20:31:39+00:00","dateModified":"2021-12-19T11:32:13+00:00","breadcrumb":{"@id":"https:\/\/sfbd.fr\/en\/2021\/11\/27\/when-the-sfbd-meets-the-hear\/#breadcrumb"},"inLanguage":"en-US","potentialAction":[{"@type":"ReadAction","target":["https:\/\/sfbd.fr\/en\/2021\/11\/27\/when-the-sfbd-meets-the-hear\/"]}]},{"@type":"BreadcrumbList","@id":"https:\/\/sfbd.fr\/en\/2021\/11\/27\/when-the-sfbd-meets-the-hear\/#breadcrumb","itemListElement":[{"@type":"ListItem","position":1,"name":"Accueil","item":"https:\/\/sfbd.fr\/en\/"},{"@type":"ListItem","position":2,"name":"Art&#038;Science Day: when the SFBD meets the HEAR"}]},{"@type":"Article","@id":"https:\/\/sfbd.fr\/en\/2021\/11\/27\/when-the-sfbd-meets-the-hear\/#article","isPartOf":{"@id":"https:\/\/sfbd.fr\/en\/2021\/11\/27\/when-the-sfbd-meets-the-hear\/#webpage"},"author":{"@id":"https:\/\/sfbd.fr\/en\/#\/schema\/person\/ac13a8d4da6a572a55e3f330866baec8"},"headline":"Art&#038;Science Day: when the SFBD meets the HEAR","datePublished":"2021-11-27T20:31:39+00:00","dateModified":"2021-12-19T11:32:13+00:00","mainEntityOfPage":{"@id":"https:\/\/sfbd.fr\/en\/2021\/11\/27\/when-the-sfbd-meets-the-hear\/#webpage"},"wordCount":349,"publisher":{"@id":"https:\/\/sfbd.fr\/en\/#organization"},"image":{"@id":"https:\/\/sfbd.fr\/en\/2021\/11\/27\/when-the-sfbd-meets-the-hear\/#primaryimage"},"thumbnailUrl":"https:\/\/sfbd.fr\/wp-content\/uploads\/2021\/11\/Screenshot-2021-11-27-at-11.33.42-e1639913406177.png","articleSection":["Community life","Highlights"],"inLanguage":"en-US"},{"@type":"Person","@id":"https:\/\/sfbd.fr\/en\/#\/schema\/person\/ac13a8d4da6a572a55e3f330866baec8","name":"glenda comai","image":{"@type":"ImageObject","@id":"https:\/\/sfbd.fr\/en\/#personlogo","inLanguage":"en-US","url":"https:\/\/secure.gravatar.com\/avatar\/132f205d6f58cff4d7cfc61473763bcc?s=96&d=mm&r=g","contentUrl":"https:\/\/secure.gravatar.com\/avatar\/132f205d6f58cff4d7cfc61473763bcc?s=96&d=mm&r=g","caption":"glenda comai"},"url":"https:\/\/sfbd.fr\/en\/author\/glendacomai\/"}]}},"_links":{"self":[{"href":"https:\/\/sfbd.fr\/en\/wp-json\/wp\/v2\/posts\/9200"}],"collection":[{"href":"https:\/\/sfbd.fr\/en\/wp-json\/wp\/v2\/posts"}],"about":[{"href":"https:\/\/sfbd.fr\/en\/wp-json\/wp\/v2\/types\/post"}],"author":[{"embeddable":true,"href":"https:\/\/sfbd.fr\/en\/wp-json\/wp\/v2\/users\/6"}],"replies":[{"embeddable":true,"href":"https:\/\/sfbd.fr\/en\/wp-json\/wp\/v2\/comments?post=9200"}],"version-history":[{"count":5,"href":"https:\/\/sfbd.fr\/en\/wp-json\/wp\/v2\/posts\/9200\/revisions"}],"predecessor-version":[{"id":9205,"href":"https:\/\/sfbd.fr\/en\/wp-json\/wp\/v2\/posts\/9200\/revisions\/9205"}],"wp:featuredmedia":[{"embeddable":true,"href":"https:\/\/sfbd.fr\/en\/wp-json\/wp\/v2\/media\/9129"}],"wp:attachment":[{"href":"https:\/\/sfbd.fr\/en\/wp-json\/wp\/v2\/media?parent=9200"}],"wp:term":[{"taxonomy":"category","embeddable":true,"href":"https:\/\/sfbd.fr\/en\/wp-json\/wp\/v2\/categories?post=9200"},{"taxonomy":"post_tag","embeddable":true,"href":"https:\/\/sfbd.fr\/en\/wp-json\/wp\/v2\/tags?post=9200"}],"curies":[{"name":"wp","href":"https:\/\/api.w.org\/{rel}","templated":true}]}}